{"id":316,"date":"2019-05-13T15:59:21","date_gmt":"2019-05-13T13:59:21","guid":{"rendered":"https:\/\/blog.affluences.com\/?p=316"},"modified":"2022-06-23T12:35:54","modified_gmt":"2022-06-23T10:35:54","slug":"affluences-pendant-la-nuit-des-musees-2019","status":"publish","type":"post","link":"https:\/\/affluences.com\/blog\/affluences-pendant-la-nuit-des-musees-2019\/","title":{"rendered":"L&rsquo;affluence pendant la Nuit des mus\u00e9es"},"content":{"rendered":"\n<p>Samedi 18 mai 2019 aura lieu la Nuit des mus\u00e9es, toujours pl\u00e9biscit\u00e9 par le public et avec souvent beaucoup d&rsquo;affluence. C&rsquo;est pourtant souvent l&rsquo;occasion d&rsquo;aller explorer de nouveaux lieux et de red\u00e9couvrir des grands classiques. <\/p>\n\n\n\n<p>Affluences vous propose 2 parcours parisiens et quelques id\u00e9es de sorties en Ile-de-France avec toujours l&rsquo;affluence en temps r\u00e9el pour la Nuit des mus\u00e9es. <\/p>\n\n\n\n<h4 class=\"wp-block-heading\">Mus\u00e9e Picasso Paris<\/h4>\n\n\n\n<p>L&rsquo;entr\u00e9e du mus\u00e9e et de l&rsquo;exposition Calder-Picasso sera gratuite de 18h \u00e0 minuit. <\/p>\n\n\n\n<p>Toute la soir\u00e9e, Yoann Bourgeois et le CCN2-Centre chor\u00e9graphique national de Grenoble viendront \u00e9galement performer dans la cour du mus\u00e9e pour un instant magique tout en \u00e9quilibre.   <\/p>\n\n\n\n<p>Attention aux files d&rsquo;attente qui risquent d&rsquo;\u00eatre longue dans le quartier ! <\/p>\n\n\n\n<p>Programme complet disponible sur <a href=\"http:\/\/www.museepicassoparis.fr\/nuit-des-musees-2019\/?l=L2\">le site du mus\u00e9e<\/a>.<\/p>\n\n\n\n<h4 class=\"wp-block-heading\">Centre Pompidou<\/h4>\n\n\n\n<p>Une fois sortis du mus\u00e9e Picasso, n&rsquo;h\u00e9sitez pas \u00e0 remonter vers la Seine pour passer par le Centre Pompidou, les collections seront ouvertes gratuitement jusqu&rsquo;\u00e0 1h du matin ! <\/p>\n\n\n\n<h4 class=\"wp-block-heading\">Mus\u00e9e en Herbe<\/h4>\n\n\n\n<p>En remontant les rives de la Seine, arr\u00eatez-vous par <a href=\"http:\/\/museeenherbe.com\/\">le mus\u00e9e en Herbe,&nbsp;<\/a>un jeu de piste pour petits et grands sera organis\u00e9 dans l&rsquo;exposition Monstres, Manga et Murakami. <\/p>\n\n\n\n<h4 class=\"wp-block-heading\">Monnaie de Paris<\/h4>\n\n\n\n<p>Juste en face, de l&rsquo;autre c\u00f4t\u00e9 du fleuve, vous entendrez jouer la fanfare qui aura \u00e9lu domicile dans ce lieu embl\u00e9matique. <\/p>\n\n\n\n<p>L&rsquo;exposition Thomas Sch\u00fctte et les collections permanentes seront aussi ouvertes jusqu&rsquo;\u00e0 minuit.<\/p>\n\n\n\n<hr class=\"wp-block-separator\"\/>\n\n\n\n<h4 class=\"wp-block-heading\">Mus\u00e9e du service de sant\u00e9 des arm\u00e9es<\/h4>\n\n\n\n<p>Si vous pr\u00e9f\u00e9rez une visite plus insolite et confidentielle, rendez-vous pr\u00e8s au Jardin du Luxembourg au mus\u00e9e du service de sant\u00e9 des arm\u00e9es. Le mus\u00e9e sera ouvert jusqu&rsquo;\u00e0 23h ! <\/p>\n\n\n\n<h4 class=\"wp-block-heading\">Mus\u00e9e du Luxembourg<\/h4>\n\n\n\n<p>Puis traversez le jardin pour vous rendre au mus\u00e9e du Luxembourg pour visiter l&rsquo;exposition sur les Nabis. Un concert des \u00e9l\u00e8ves du Conservatoire du 6e arrondissement de Paris aura lieu jusqu&rsquo;\u00e0 minuit. <\/p>\n\n\n\n<h2 class=\"wp-block-heading\">L&rsquo;affluence de la Nuit des mus\u00e9es aux portes de Paris<\/h2>\n\n\n\n<h4 class=\"wp-block-heading\">Mus\u00e9e fran\u00e7ais de la carte \u00e0 jouer<\/h4>\n\n\n\n<p>Ouvert jusqu&rsquo;\u00e0 minuit, le mus\u00e9e fait revivre Victor Hugo \u00e0 travers des spectacles et des jeux. L&rsquo;occasion \u00e9galement de d\u00e9couvrir la collection de cartes \u00e0 jouer de la BnF datant du XVe au XXe si\u00e8cle. <\/p>\n\n\n\n<h4 class=\"wp-block-heading\">Mus\u00e9e d&rsquo;Arch\u00e9ologie nationale<\/h4>\n\n\n\n<p>R\u00e9solvez les myst\u00e8res li\u00e9s \u00e0 la mort d&rsquo;Henri II ! Le mus\u00e9e vous propose une \u00e9nigme \u00e0 travers l&rsquo;exposition d\u00e9di\u00e9e au fils de Fran\u00e7ois Ier. De quoi vous tenir en haleine toute la soir\u00e9e. <\/p>\n\n\n<ul class=\"wp-block-latest-posts__list is-grid columns-3 wp-block-latest-posts\"><\/ul>","protected":false},"excerpt":{"rendered":"<p>Samedi 18 mai 2019 aura lieu la Nuit des mus\u00e9es, toujours pl\u00e9biscit\u00e9 par le public et avec souvent beaucoup d&rsquo;affluence. C&rsquo;est pourtant souvent l&rsquo;occasion d&rsquo;aller explorer de nouveaux lieux et de red\u00e9couvrir des grands classiques. Affluences vous propose 2 parcours parisiens et quelques id\u00e9es de sorties en Ile-de-France avec toujours l&rsquo;affluence en temps r\u00e9el pour [&hellip;]<\/p>\n","protected":false},"author":7,"featured_media":317,"comment_status":"open","ping_status":"open","sticky":false,"template":"","format":"standard","meta":{"site-sidebar-layout":"default","site-content-layout":"default","ast-site-content-layout":"default","site-content-style":"default","site-sidebar-style":"default","ast-global-header-display":"","ast-banner-title-visibility":"","ast-main-header-display":"","ast-hfb-above-header-display":"","ast-hfb-below-header-display":"","ast-hfb-mobile-header-display":"","site-post-title":"","ast-breadcrumbs-content":"","ast-featured-img":"","footer-sml-layout":"","ast-disable-related-posts":"","theme-transparent-header-meta":"default","adv-header-id-meta":"","stick-header-meta":"","header-above-stick-meta":"","header-main-stick-meta":"","header-below-stick-meta":"","astra-migrate-meta-layouts":"default","ast-page-background-enabled":"default","ast-page-background-meta":{"desktop":{"background-color":"","background-image":"","background-repeat":"repeat","background-position":"center center","background-size":"auto","background-attachment":"scroll","background-type":"","background-media":"","overlay-type":"","overlay-color":"","overlay-opacity":"","overlay-gradient":""},"tablet":{"background-color":"","background-image":"","background-repeat":"repeat","background-position":"center center","background-size":"auto","background-attachment":"scroll","background-type":"","background-media":"","overlay-type":"","overlay-color":"","overlay-opacity":"","overlay-gradient":""},"mobile":{"background-color":"","background-image":"","background-repeat":"repeat","background-position":"center center","background-size":"auto","background-attachment":"scroll","background-type":"","background-media":"","overlay-type":"","overlay-color":"","overlay-opacity":"","overlay-gradient":""}},"ast-content-background-meta":{"desktop":{"background-color":"var(--ast-global-color-5)","background-image":"","background-repeat":"repeat","background-position":"center center","background-size":"auto","background-attachment":"scroll","background-type":"","background-media":"","overlay-type":"","overlay-color":"","overlay-opacity":"","overlay-gradient":""},"tablet":{"background-color":"var(--ast-global-color-5)","background-image":"","background-repeat":"repeat","background-position":"center center","background-size":"auto","background-attachment":"scroll","background-type":"","background-media":"","overlay-type":"","overlay-color":"","overlay-opacity":"","overlay-gradient":""},"mobile":{"background-color":"var(--ast-global-color-5)","background-image":"","background-repeat":"repeat","background-position":"center center","background-size":"auto","background-attachment":"scroll","background-type":"","background-media":"","overlay-type":"","overlay-color":"","overlay-opacity":"","overlay-gradient":""}},"footnotes":""},"categories":[345],"tags":[3,40,5,17,113,74],"class_list":["post-316","post","type-post","status-publish","format-standard","has-post-thumbnail","hentry","category-astuces-conseils","tag-affluences","tag-application","tag-application-mobile","tag-musee","tag-nuit-des-musees","tag-sortie"],"yoast_head":"<!-- This site is optimized with the Yoast SEO plugin v27.4 - https:\/\/yoast.com\/product\/yoast-seo-wordpress\/ -->\n<title>L&#039;affluence pendant la Nuit des mus\u00e9es - Le blog Affluences<\/title>\n<meta name=\"description\" content=\"L&#039;affluence pendant la nuit des mus\u00e9es gr\u00e2ce \u00e0 l&#039;application Affluences : on vous donne les lieux calmes pour profiter de cette soir\u00e9e exceptionnelle.\" \/>\n<meta name=\"robots\" content=\"index, follow, max-snippet:-1, max-image-preview:large, max-video-preview:-1\" \/>\n<link rel=\"canonical\" href=\"https:\/\/affluences.com\/blog\/affluences-pendant-la-nuit-des-musees-2019\/\" \/>\n<meta property=\"og:locale\" content=\"fr_FR\" \/>\n<meta property=\"og:type\" content=\"article\" \/>\n<meta property=\"og:title\" content=\"L&#039;affluence pendant la Nuit des mus\u00e9es - Le blog Affluences\" \/>\n<meta property=\"og:description\" content=\"L&#039;affluence pendant la nuit des mus\u00e9es gr\u00e2ce \u00e0 l&#039;application Affluences : on vous donne les lieux calmes pour profiter de cette soir\u00e9e exceptionnelle.\" \/>\n<meta property=\"og:url\" content=\"https:\/\/affluences.com\/blog\/affluences-pendant-la-nuit-des-musees-2019\/\" \/>\n<meta property=\"og:site_name\" content=\"Le blog Affluences\" \/>\n<meta property=\"article:publisher\" content=\"https:\/\/www.facebook.com\/Affluencesapp\" \/>\n<meta property=\"article:published_time\" content=\"2019-05-13T13:59:21+00:00\" \/>\n<meta property=\"article:modified_time\" content=\"2022-06-23T10:35:54+00:00\" \/>\n<meta property=\"og:image\" content=\"https:\/\/affluences.com\/blog\/wp-content\/uploads\/2019\/04\/Publication-Twitter-Nuit-europeenne-des-musees-2019.jpg\" \/>\n\t<meta property=\"og:image:width\" content=\"1024\" \/>\n\t<meta property=\"og:image:height\" content=\"512\" \/>\n\t<meta property=\"og:image:type\" content=\"image\/jpeg\" \/>\n<meta name=\"author\" content=\"Communication\" \/>\n<meta name=\"twitter:card\" content=\"summary_large_image\" \/>\n<meta name=\"twitter:creator\" content=\"@Affluences_App\" \/>\n<meta name=\"twitter:site\" content=\"@Affluences_App\" \/>\n<meta name=\"twitter:label1\" content=\"\u00c9crit par\" \/>\n\t<meta name=\"twitter:data1\" content=\"Communication\" \/>\n\t<meta name=\"twitter:label2\" content=\"Dur\u00e9e de lecture estim\u00e9e\" \/>\n\t<meta name=\"twitter:data2\" content=\"2 minutes\" \/>\n<script type=\"application\/ld+json\" class=\"yoast-schema-graph\">{\"@context\":\"https:\\\/\\\/schema.org\",\"@graph\":[{\"@type\":\"Article\",\"@id\":\"https:\\\/\\\/affluences.com\\\/blog\\\/affluences-pendant-la-nuit-des-musees-2019\\\/#article\",\"isPartOf\":{\"@id\":\"https:\\\/\\\/affluences.com\\\/blog\\\/affluences-pendant-la-nuit-des-musees-2019\\\/\"},\"author\":{\"name\":\"Communication\",\"@id\":\"https:\\\/\\\/affluences.com\\\/blog\\\/#\\\/schema\\\/person\\\/4791a989685bb628373b2af9f99550f3\"},\"headline\":\"L&rsquo;affluence pendant la Nuit des mus\u00e9es\",\"datePublished\":\"2019-05-13T13:59:21+00:00\",\"dateModified\":\"2022-06-23T10:35:54+00:00\",\"mainEntityOfPage\":{\"@id\":\"https:\\\/\\\/affluences.com\\\/blog\\\/affluences-pendant-la-nuit-des-musees-2019\\\/\"},\"wordCount\":445,\"commentCount\":0,\"publisher\":{\"@id\":\"https:\\\/\\\/affluences.com\\\/blog\\\/#organization\"},\"image\":{\"@id\":\"https:\\\/\\\/affluences.com\\\/blog\\\/affluences-pendant-la-nuit-des-musees-2019\\\/#primaryimage\"},\"thumbnailUrl\":\"https:\\\/\\\/affluences.com\\\/blog\\\/wp-content\\\/uploads\\\/2019\\\/04\\\/Publication-Twitter-Nuit-europeenne-des-musees-2019.jpg\",\"keywords\":[\"Affluences\",\"application\",\"Application Mobile\",\"mus\u00e9e\",\"nuit des mus\u00e9es\",\"sortie\"],\"articleSection\":[\"Astuces et conseils\"],\"inLanguage\":\"fr-FR\",\"potentialAction\":[{\"@type\":\"CommentAction\",\"name\":\"Comment\",\"target\":[\"https:\\\/\\\/affluences.com\\\/blog\\\/affluences-pendant-la-nuit-des-musees-2019\\\/#respond\"]}]},{\"@type\":\"WebPage\",\"@id\":\"https:\\\/\\\/affluences.com\\\/blog\\\/affluences-pendant-la-nuit-des-musees-2019\\\/\",\"url\":\"https:\\\/\\\/affluences.com\\\/blog\\\/affluences-pendant-la-nuit-des-musees-2019\\\/\",\"name\":\"L'affluence pendant la Nuit des mus\u00e9es - Le blog Affluences\",\"isPartOf\":{\"@id\":\"https:\\\/\\\/affluences.com\\\/blog\\\/#website\"},\"primaryImageOfPage\":{\"@id\":\"https:\\\/\\\/affluences.com\\\/blog\\\/affluences-pendant-la-nuit-des-musees-2019\\\/#primaryimage\"},\"image\":{\"@id\":\"https:\\\/\\\/affluences.com\\\/blog\\\/affluences-pendant-la-nuit-des-musees-2019\\\/#primaryimage\"},\"thumbnailUrl\":\"https:\\\/\\\/affluences.com\\\/blog\\\/wp-content\\\/uploads\\\/2019\\\/04\\\/Publication-Twitter-Nuit-europeenne-des-musees-2019.jpg\",\"datePublished\":\"2019-05-13T13:59:21+00:00\",\"dateModified\":\"2022-06-23T10:35:54+00:00\",\"description\":\"L'affluence pendant la nuit des mus\u00e9es gr\u00e2ce \u00e0 l'application Affluences : on vous donne les lieux calmes pour profiter de cette soir\u00e9e exceptionnelle.\",\"breadcrumb\":{\"@id\":\"https:\\\/\\\/affluences.com\\\/blog\\\/affluences-pendant-la-nuit-des-musees-2019\\\/#breadcrumb\"},\"inLanguage\":\"fr-FR\",\"potentialAction\":[{\"@type\":\"ReadAction\",\"target\":[\"https:\\\/\\\/affluences.com\\\/blog\\\/affluences-pendant-la-nuit-des-musees-2019\\\/\"]}]},{\"@type\":\"ImageObject\",\"inLanguage\":\"fr-FR\",\"@id\":\"https:\\\/\\\/affluences.com\\\/blog\\\/affluences-pendant-la-nuit-des-musees-2019\\\/#primaryimage\",\"url\":\"https:\\\/\\\/affluences.com\\\/blog\\\/wp-content\\\/uploads\\\/2019\\\/04\\\/Publication-Twitter-Nuit-europeenne-des-musees-2019.jpg\",\"contentUrl\":\"https:\\\/\\\/affluences.com\\\/blog\\\/wp-content\\\/uploads\\\/2019\\\/04\\\/Publication-Twitter-Nuit-europeenne-des-musees-2019.jpg\",\"width\":1024,\"height\":512},{\"@type\":\"BreadcrumbList\",\"@id\":\"https:\\\/\\\/affluences.com\\\/blog\\\/affluences-pendant-la-nuit-des-musees-2019\\\/#breadcrumb\",\"itemListElement\":[{\"@type\":\"ListItem\",\"position\":1,\"name\":\"Accueil\",\"item\":\"https:\\\/\\\/affluences.com\\\/\"},{\"@type\":\"ListItem\",\"position\":2,\"name\":\"L&rsquo;affluence pendant la Nuit des mus\u00e9es\"}]},{\"@type\":\"WebSite\",\"@id\":\"https:\\\/\\\/affluences.com\\\/blog\\\/#website\",\"url\":\"https:\\\/\\\/affluences.com\\\/blog\\\/\",\"name\":\"Le blog d Affluences\",\"description\":\"Tous nos conseils et astuces\",\"publisher\":{\"@id\":\"https:\\\/\\\/affluences.com\\\/blog\\\/#organization\"},\"potentialAction\":[{\"@type\":\"SearchAction\",\"target\":{\"@type\":\"EntryPoint\",\"urlTemplate\":\"https:\\\/\\\/affluences.com\\\/blog\\\/?s={search_term_string}\"},\"query-input\":{\"@type\":\"PropertyValueSpecification\",\"valueRequired\":true,\"valueName\":\"search_term_string\"}}],\"inLanguage\":\"fr-FR\"},{\"@type\":\"Organization\",\"@id\":\"https:\\\/\\\/affluences.com\\\/blog\\\/#organization\",\"name\":\"Affluences\",\"url\":\"https:\\\/\\\/affluences.com\\\/blog\\\/\",\"logo\":{\"@type\":\"ImageObject\",\"inLanguage\":\"fr-FR\",\"@id\":\"https:\\\/\\\/affluences.com\\\/blog\\\/#\\\/schema\\\/logo\\\/image\\\/\",\"url\":\"https:\\\/\\\/blog.affluences.com\\\/wp-content\\\/uploads\\\/2017\\\/08\\\/logo_affluences-e1531737183907.png\",\"contentUrl\":\"https:\\\/\\\/blog.affluences.com\\\/wp-content\\\/uploads\\\/2017\\\/08\\\/logo_affluences-e1531737183907.png\",\"width\":512,\"height\":512,\"caption\":\"Affluences\"},\"image\":{\"@id\":\"https:\\\/\\\/affluences.com\\\/blog\\\/#\\\/schema\\\/logo\\\/image\\\/\"},\"sameAs\":[\"https:\\\/\\\/www.facebook.com\\\/Affluencesapp\",\"https:\\\/\\\/x.com\\\/Affluences_App\",\"https:\\\/\\\/www.instagram.com\\\/affluences_app\\\/?hl=fr\",\"https:\\\/\\\/www.linkedin.com\\\/company\\\/affluences-app\\\/\",\"https:\\\/\\\/www.youtube.com\\\/channel\\\/UCwPTgo4QaCais3IytxOjh0w\",\"https:\\\/\\\/fr.wikipedia.org\\\/wiki\\\/Affluences\"]},{\"@type\":\"Person\",\"@id\":\"https:\\\/\\\/affluences.com\\\/blog\\\/#\\\/schema\\\/person\\\/4791a989685bb628373b2af9f99550f3\",\"name\":\"Communication\",\"image\":{\"@type\":\"ImageObject\",\"inLanguage\":\"fr-FR\",\"@id\":\"https:\\\/\\\/secure.gravatar.com\\\/avatar\\\/4f0ca5379bda977b18043f3cdb63a882a87096c96317127eb6f83f033b2a5d2b?s=96&d=mm&r=g\",\"url\":\"https:\\\/\\\/secure.gravatar.com\\\/avatar\\\/4f0ca5379bda977b18043f3cdb63a882a87096c96317127eb6f83f033b2a5d2b?s=96&d=mm&r=g\",\"contentUrl\":\"https:\\\/\\\/secure.gravatar.com\\\/avatar\\\/4f0ca5379bda977b18043f3cdb63a882a87096c96317127eb6f83f033b2a5d2b?s=96&d=mm&r=g\",\"caption\":\"Communication\"},\"url\":\"https:\\\/\\\/affluences.com\\\/blog\\\/author\\\/melisande-vialard\\\/\"}]}<\/script>\n<!-- \/ Yoast SEO plugin. -->","yoast_head_json":{"title":"L'affluence pendant la Nuit des mus\u00e9es - Le blog Affluences","description":"L'affluence pendant la nuit des mus\u00e9es gr\u00e2ce \u00e0 l'application Affluences : on vous donne les lieux calmes pour profiter de cette soir\u00e9e exceptionnelle.","robots":{"index":"index","follow":"follow","max-snippet":"max-snippet:-1","max-image-preview":"max-image-preview:large","max-video-preview":"max-video-preview:-1"},"canonical":"https:\/\/affluences.com\/blog\/affluences-pendant-la-nuit-des-musees-2019\/","og_locale":"fr_FR","og_type":"article","og_title":"L'affluence pendant la Nuit des mus\u00e9es - Le blog Affluences","og_description":"L'affluence pendant la nuit des mus\u00e9es gr\u00e2ce \u00e0 l'application Affluences : on vous donne les lieux calmes pour profiter de cette soir\u00e9e exceptionnelle.","og_url":"https:\/\/affluences.com\/blog\/affluences-pendant-la-nuit-des-musees-2019\/","og_site_name":"Le blog Affluences","article_publisher":"https:\/\/www.facebook.com\/Affluencesapp","article_published_time":"2019-05-13T13:59:21+00:00","article_modified_time":"2022-06-23T10:35:54+00:00","og_image":[{"width":1024,"height":512,"url":"https:\/\/affluences.com\/blog\/wp-content\/uploads\/2019\/04\/Publication-Twitter-Nuit-europeenne-des-musees-2019.jpg","type":"image\/jpeg"}],"author":"Communication","twitter_card":"summary_large_image","twitter_creator":"@Affluences_App","twitter_site":"@Affluences_App","twitter_misc":{"\u00c9crit par":"Communication","Dur\u00e9e de lecture estim\u00e9e":"2 minutes"},"schema":{"@context":"https:\/\/schema.org","@graph":[{"@type":"Article","@id":"https:\/\/affluences.com\/blog\/affluences-pendant-la-nuit-des-musees-2019\/#article","isPartOf":{"@id":"https:\/\/affluences.com\/blog\/affluences-pendant-la-nuit-des-musees-2019\/"},"author":{"name":"Communication","@id":"https:\/\/affluences.com\/blog\/#\/schema\/person\/4791a989685bb628373b2af9f99550f3"},"headline":"L&rsquo;affluence pendant la Nuit des mus\u00e9es","datePublished":"2019-05-13T13:59:21+00:00","dateModified":"2022-06-23T10:35:54+00:00","mainEntityOfPage":{"@id":"https:\/\/affluences.com\/blog\/affluences-pendant-la-nuit-des-musees-2019\/"},"wordCount":445,"commentCount":0,"publisher":{"@id":"https:\/\/affluences.com\/blog\/#organization"},"image":{"@id":"https:\/\/affluences.com\/blog\/affluences-pendant-la-nuit-des-musees-2019\/#primaryimage"},"thumbnailUrl":"https:\/\/affluences.com\/blog\/wp-content\/uploads\/2019\/04\/Publication-Twitter-Nuit-europeenne-des-musees-2019.jpg","keywords":["Affluences","application","Application Mobile","mus\u00e9e","nuit des mus\u00e9es","sortie"],"articleSection":["Astuces et conseils"],"inLanguage":"fr-FR","potentialAction":[{"@type":"CommentAction","name":"Comment","target":["https:\/\/affluences.com\/blog\/affluences-pendant-la-nuit-des-musees-2019\/#respond"]}]},{"@type":"WebPage","@id":"https:\/\/affluences.com\/blog\/affluences-pendant-la-nuit-des-musees-2019\/","url":"https:\/\/affluences.com\/blog\/affluences-pendant-la-nuit-des-musees-2019\/","name":"L'affluence pendant la Nuit des mus\u00e9es - Le blog Affluences","isPartOf":{"@id":"https:\/\/affluences.com\/blog\/#website"},"primaryImageOfPage":{"@id":"https:\/\/affluences.com\/blog\/affluences-pendant-la-nuit-des-musees-2019\/#primaryimage"},"image":{"@id":"https:\/\/affluences.com\/blog\/affluences-pendant-la-nuit-des-musees-2019\/#primaryimage"},"thumbnailUrl":"https:\/\/affluences.com\/blog\/wp-content\/uploads\/2019\/04\/Publication-Twitter-Nuit-europeenne-des-musees-2019.jpg","datePublished":"2019-05-13T13:59:21+00:00","dateModified":"2022-06-23T10:35:54+00:00","description":"L'affluence pendant la nuit des mus\u00e9es gr\u00e2ce \u00e0 l'application Affluences : on vous donne les lieux calmes pour profiter de cette soir\u00e9e exceptionnelle.","breadcrumb":{"@id":"https:\/\/affluences.com\/blog\/affluences-pendant-la-nuit-des-musees-2019\/#breadcrumb"},"inLanguage":"fr-FR","potentialAction":[{"@type":"ReadAction","target":["https:\/\/affluences.com\/blog\/affluences-pendant-la-nuit-des-musees-2019\/"]}]},{"@type":"ImageObject","inLanguage":"fr-FR","@id":"https:\/\/affluences.com\/blog\/affluences-pendant-la-nuit-des-musees-2019\/#primaryimage","url":"https:\/\/affluences.com\/blog\/wp-content\/uploads\/2019\/04\/Publication-Twitter-Nuit-europeenne-des-musees-2019.jpg","contentUrl":"https:\/\/affluences.com\/blog\/wp-content\/uploads\/2019\/04\/Publication-Twitter-Nuit-europeenne-des-musees-2019.jpg","width":1024,"height":512},{"@type":"BreadcrumbList","@id":"https:\/\/affluences.com\/blog\/affluences-pendant-la-nuit-des-musees-2019\/#breadcrumb","itemListElement":[{"@type":"ListItem","position":1,"name":"Accueil","item":"https:\/\/affluences.com\/"},{"@type":"ListItem","position":2,"name":"L&rsquo;affluence pendant la Nuit des mus\u00e9es"}]},{"@type":"WebSite","@id":"https:\/\/affluences.com\/blog\/#website","url":"https:\/\/affluences.com\/blog\/","name":"Le blog d Affluences","description":"Tous nos conseils et astuces","publisher":{"@id":"https:\/\/affluences.com\/blog\/#organization"},"potentialAction":[{"@type":"SearchAction","target":{"@type":"EntryPoint","urlTemplate":"https:\/\/affluences.com\/blog\/?s={search_term_string}"},"query-input":{"@type":"PropertyValueSpecification","valueRequired":true,"valueName":"search_term_string"}}],"inLanguage":"fr-FR"},{"@type":"Organization","@id":"https:\/\/affluences.com\/blog\/#organization","name":"Affluences","url":"https:\/\/affluences.com\/blog\/","logo":{"@type":"ImageObject","inLanguage":"fr-FR","@id":"https:\/\/affluences.com\/blog\/#\/schema\/logo\/image\/","url":"https:\/\/blog.affluences.com\/wp-content\/uploads\/2017\/08\/logo_affluences-e1531737183907.png","contentUrl":"https:\/\/blog.affluences.com\/wp-content\/uploads\/2017\/08\/logo_affluences-e1531737183907.png","width":512,"height":512,"caption":"Affluences"},"image":{"@id":"https:\/\/affluences.com\/blog\/#\/schema\/logo\/image\/"},"sameAs":["https:\/\/www.facebook.com\/Affluencesapp","https:\/\/x.com\/Affluences_App","https:\/\/www.instagram.com\/affluences_app\/?hl=fr","https:\/\/www.linkedin.com\/company\/affluences-app\/","https:\/\/www.youtube.com\/channel\/UCwPTgo4QaCais3IytxOjh0w","https:\/\/fr.wikipedia.org\/wiki\/Affluences"]},{"@type":"Person","@id":"https:\/\/affluences.com\/blog\/#\/schema\/person\/4791a989685bb628373b2af9f99550f3","name":"Communication","image":{"@type":"ImageObject","inLanguage":"fr-FR","@id":"https:\/\/secure.gravatar.com\/avatar\/4f0ca5379bda977b18043f3cdb63a882a87096c96317127eb6f83f033b2a5d2b?s=96&d=mm&r=g","url":"https:\/\/secure.gravatar.com\/avatar\/4f0ca5379bda977b18043f3cdb63a882a87096c96317127eb6f83f033b2a5d2b?s=96&d=mm&r=g","contentUrl":"https:\/\/secure.gravatar.com\/avatar\/4f0ca5379bda977b18043f3cdb63a882a87096c96317127eb6f83f033b2a5d2b?s=96&d=mm&r=g","caption":"Communication"},"url":"https:\/\/affluences.com\/blog\/author\/melisande-vialard\/"}]}},"_links":{"self":[{"href":"https:\/\/affluences.com\/blog\/wp-json\/wp\/v2\/posts\/316","targetHints":{"allow":["GET"]}}],"collection":[{"href":"https:\/\/affluences.com\/blog\/wp-json\/wp\/v2\/posts"}],"about":[{"href":"https:\/\/affluences.com\/blog\/wp-json\/wp\/v2\/types\/post"}],"author":[{"embeddable":true,"href":"https:\/\/affluences.com\/blog\/wp-json\/wp\/v2\/users\/7"}],"replies":[{"embeddable":true,"href":"https:\/\/affluences.com\/blog\/wp-json\/wp\/v2\/comments?post=316"}],"version-history":[{"count":6,"href":"https:\/\/affluences.com\/blog\/wp-json\/wp\/v2\/posts\/316\/revisions"}],"predecessor-version":[{"id":541,"href":"https:\/\/affluences.com\/blog\/wp-json\/wp\/v2\/posts\/316\/revisions\/541"}],"wp:featuredmedia":[{"embeddable":true,"href":"https:\/\/affluences.com\/blog\/wp-json\/wp\/v2\/media\/317"}],"wp:attachment":[{"href":"https:\/\/affluences.com\/blog\/wp-json\/wp\/v2\/media?parent=316"}],"wp:term":[{"taxonomy":"category","embeddable":true,"href":"https:\/\/affluences.com\/blog\/wp-json\/wp\/v2\/categories?post=316"},{"taxonomy":"post_tag","embeddable":true,"href":"https:\/\/affluences.com\/blog\/wp-json\/wp\/v2\/tags?post=316"}],"curies":[{"name":"wp","href":"https:\/\/api.w.org\/{rel}","templated":true}]}}