{"id":1079,"date":"2025-08-05T11:45:10","date_gmt":"2025-08-05T09:45:10","guid":{"rendered":"https:\/\/affluences.com\/blog\/?p=1079"},"modified":"2026-09-02T14:42:31","modified_gmt":"2026-09-02T12:42:31","slug":"les-journees-europeennes-du-patrimoine-2026-avec-la-sncf","status":"publish","type":"post","link":"https:\/\/affluences.com\/blog\/les-journees-europeennes-du-patrimoine-2026-avec-la-sncf\/","title":{"rendered":"Les journ\u00e9es europ\u00e9ennes du patrimoine 2026 avec la SNCF"},"content":{"rendered":"","protected":true},"excerpt":{"rendered":"","protected":true},"author":7,"featured_media":1173,"comment_status":"open","ping_status":"open","sticky":false,"template":"","format":"standard","meta":{"site-sidebar-layout":"default","site-content-layout":"","ast-site-content-layout":"default","site-content-style":"default","site-sidebar-style":"default","ast-global-header-display":"","ast-banner-title-visibility":"","ast-main-header-display":"","ast-hfb-above-header-display":"","ast-hfb-below-header-display":"","ast-hfb-mobile-header-display":"","site-post-title":"","ast-breadcrumbs-content":"","ast-featured-img":"disabled","footer-sml-layout":"","ast-disable-related-posts":"","theme-transparent-header-meta":"","adv-header-id-meta":"","stick-header-meta":"","header-above-stick-meta":"","header-main-stick-meta":"","header-below-stick-meta":"","astra-migrate-meta-layouts":"set","ast-page-background-enabled":"default","ast-page-background-meta":{"desktop":{"background-color":"","background-image":"","background-repeat":"repeat","background-position":"center center","background-size":"auto","background-attachment":"scroll","background-type":"","background-media":"","overlay-type":"","overlay-color":"","overlay-opacity":"","overlay-gradient":""},"tablet":{"background-color":"","background-image":"","background-repeat":"repeat","background-position":"center center","background-size":"auto","background-attachment":"scroll","background-type":"","background-media":"","overlay-type":"","overlay-color":"","overlay-opacity":"","overlay-gradient":""},"mobile":{"background-color":"","background-image":"","background-repeat":"repeat","background-position":"center center","background-size":"auto","background-attachment":"scroll","background-type":"","background-media":"","overlay-type":"","overlay-color":"","overlay-opacity":"","overlay-gradient":""}},"ast-content-background-meta":{"desktop":{"background-color":"var(--ast-global-color-5)","background-image":"","background-repeat":"repeat","background-position":"center center","background-size":"auto","background-attachment":"scroll","background-type":"","background-media":"","overlay-type":"","overlay-color":"","overlay-opacity":"","overlay-gradient":""},"tablet":{"background-color":"var(--ast-global-color-5)","background-image":"","background-repeat":"repeat","background-position":"center center","background-size":"auto","background-attachment":"scroll","background-type":"","background-media":"","overlay-type":"","overlay-color":"","overlay-opacity":"","overlay-gradient":""},"mobile":{"background-color":"var(--ast-global-color-5)","background-image":"","background-repeat":"repeat","background-position":"center center","background-size":"auto","background-attachment":"scroll","background-type":"","background-media":"","overlay-type":"","overlay-color":"","overlay-opacity":"","overlay-gradient":""}},"footnotes":""},"categories":[341],"tags":[],"class_list":["post-1079","post","type-post","status-publish","format-standard","post-password-required","hentry","category-actualites"],"yoast_head":"<!-- This site is optimized with the Yoast SEO plugin v28.4 - https:\/\/yoast.com\/product\/yoast-seo-wordpress\/ -->\n<title>Les journ\u00e9es europ\u00e9ennes du patrimoine 2026 avec la SNCF - Le blog Affluences<\/title>\n<meta name=\"robots\" content=\"index, follow, max-snippet:-1, max-image-preview:large, max-video-preview:-1\" \/>\n<link rel=\"canonical\" href=\"https:\/\/affluences.com\/blog\/les-journees-europeennes-du-patrimoine-2026-avec-la-sncf\/\" \/>\n<meta property=\"og:locale\" content=\"fr_FR\" \/>\n<meta property=\"og:type\" content=\"article\" \/>\n<meta property=\"og:title\" content=\"Les journ\u00e9es europ\u00e9ennes du patrimoine 2026 avec la SNCF - Le blog Affluences\" \/>\n<meta property=\"og:description\" content=\"Il n\u2019y a pas d\u2019extrait, car cette publication est prot\u00e9g\u00e9e.\" \/>\n<meta property=\"og:url\" content=\"https:\/\/affluences.com\/blog\/les-journees-europeennes-du-patrimoine-2026-avec-la-sncf\/\" \/>\n<meta property=\"og:site_name\" content=\"Le blog Affluences\" \/>\n<meta property=\"article:publisher\" content=\"https:\/\/www.facebook.com\/Affluencesapp\" \/>\n<meta property=\"article:published_time\" content=\"2025-08-05T09:45:10+00:00\" \/>\n<meta property=\"article:modified_time\" content=\"2026-09-02T12:42:31+00:00\" \/>\n<meta name=\"author\" content=\"Communication\" \/>\n<meta name=\"twitter:card\" content=\"summary_large_image\" \/>\n<meta name=\"twitter:creator\" content=\"@Affluences_App\" \/>\n<meta name=\"twitter:site\" content=\"@Affluences_App\" \/>\n<meta name=\"twitter:label1\" content=\"\u00c9crit par\" \/>\n\t<meta name=\"twitter:data1\" content=\"Communication\" \/>\n\t<meta name=\"twitter:label2\" content=\"Dur\u00e9e de lecture estim\u00e9e\" \/>\n\t<meta name=\"twitter:data2\" content=\"4 minutes\" \/>\n<script type=\"application\/ld+json\" class=\"yoast-schema-graph\">{\"@context\":\"https:\\\/\\\/schema.org\",\"@graph\":[{\"@type\":\"WebPage\",\"@id\":\"https:\\\/\\\/affluences.com\\\/blog\\\/les-journees-europeennes-du-patrimoine-2026-avec-la-sncf\\\/\",\"url\":\"https:\\\/\\\/affluences.com\\\/blog\\\/les-journees-europeennes-du-patrimoine-2026-avec-la-sncf\\\/\",\"name\":\"Les journ\u00e9es europ\u00e9ennes du patrimoine 2026 avec la SNCF - Le blog Affluences\",\"isPartOf\":{\"@id\":\"https:\\\/\\\/affluences.com\\\/blog\\\/#website\"},\"datePublished\":\"2025-08-05T09:45:10+00:00\",\"dateModified\":\"2026-09-02T12:42:31+00:00\",\"breadcrumb\":{\"@id\":\"https:\\\/\\\/affluences.com\\\/blog\\\/les-journees-europeennes-du-patrimoine-2026-avec-la-sncf\\\/#breadcrumb\"},\"inLanguage\":\"fr-FR\"},{\"@type\":\"WebSite\",\"@id\":\"https:\\\/\\\/affluences.com\\\/blog\\\/#website\",\"url\":\"https:\\\/\\\/affluences.com\\\/blog\\\/\",\"name\":\"Le blog d Affluences\",\"description\":\"Tous nos conseils et astuces\",\"publisher\":{\"@id\":\"https:\\\/\\\/affluences.com\\\/blog\\\/#organization\"},\"potentialAction\":[{\"@type\":\"SearchAction\",\"target\":{\"@type\":\"EntryPoint\",\"urlTemplate\":\"https:\\\/\\\/affluences.com\\\/blog\\\/?s={search_term_string}\"},\"query-input\":{\"@type\":\"PropertyValueSpecification\",\"valueRequired\":true,\"valueName\":\"search_term_string\"}}],\"inLanguage\":\"fr-FR\"},{\"@type\":\"Organization\",\"@id\":\"https:\\\/\\\/affluences.com\\\/blog\\\/#organization\",\"name\":\"Affluences\",\"url\":\"https:\\\/\\\/affluences.com\\\/blog\\\/\",\"logo\":{\"@type\":\"ImageObject\",\"inLanguage\":\"fr-FR\",\"@id\":\"https:\\\/\\\/affluences.com\\\/blog\\\/#\\\/schema\\\/logo\\\/image\\\/\",\"url\":\"https:\\\/\\\/blog.affluences.com\\\/wp-content\\\/uploads\\\/2017\\\/08\\\/logo_affluences-e1531737183907.png\",\"contentUrl\":\"https:\\\/\\\/blog.affluences.com\\\/wp-content\\\/uploads\\\/2017\\\/08\\\/logo_affluences-e1531737183907.png\",\"width\":512,\"height\":512,\"caption\":\"Affluences\"},\"image\":{\"@id\":\"https:\\\/\\\/affluences.com\\\/blog\\\/#\\\/schema\\\/logo\\\/image\\\/\"},\"sameAs\":[\"https:\\\/\\\/www.facebook.com\\\/Affluencesapp\",\"https:\\\/\\\/x.com\\\/Affluences_App\",\"https:\\\/\\\/www.instagram.com\\\/affluences_app\\\/?hl=fr\",\"https:\\\/\\\/www.linkedin.com\\\/company\\\/affluences-app\\\/\",\"https:\\\/\\\/www.youtube.com\\\/channel\\\/UCwPTgo4QaCais3IytxOjh0w\",\"https:\\\/\\\/fr.wikipedia.org\\\/wiki\\\/Affluences\"]}]}<\/script>\n<!-- \/ Yoast SEO plugin. -->","yoast_head_json":{"title":"Les journ\u00e9es europ\u00e9ennes du patrimoine 2026 avec la SNCF - Le blog Affluences","robots":{"index":"index","follow":"follow","max-snippet":"max-snippet:-1","max-image-preview":"max-image-preview:large","max-video-preview":"max-video-preview:-1"},"canonical":"https:\/\/affluences.com\/blog\/les-journees-europeennes-du-patrimoine-2026-avec-la-sncf\/","og_locale":"fr_FR","og_type":"article","og_title":"Les journ\u00e9es europ\u00e9ennes du patrimoine 2026 avec la SNCF - Le blog Affluences","og_description":"Il n\u2019y a pas d\u2019extrait, car cette publication est prot\u00e9g\u00e9e.","og_url":"https:\/\/affluences.com\/blog\/les-journees-europeennes-du-patrimoine-2026-avec-la-sncf\/","og_site_name":"Le blog Affluences","article_publisher":"https:\/\/www.facebook.com\/Affluencesapp","article_published_time":"2025-08-05T09:45:10+00:00","article_modified_time":"2026-09-02T12:42:31+00:00","author":"Communication","twitter_card":"summary_large_image","twitter_creator":"@Affluences_App","twitter_site":"@Affluences_App","twitter_misc":{"\u00c9crit par":"Communication","Dur\u00e9e de lecture estim\u00e9e":"4 minutes"},"schema":{"@context":"https:\/\/schema.org","@graph":[{"@type":"WebPage","@id":"https:\/\/affluences.com\/blog\/les-journees-europeennes-du-patrimoine-2026-avec-la-sncf\/","url":"https:\/\/affluences.com\/blog\/les-journees-europeennes-du-patrimoine-2026-avec-la-sncf\/","name":"Les journ\u00e9es europ\u00e9ennes du patrimoine 2026 avec la SNCF - Le blog Affluences","isPartOf":{"@id":"https:\/\/affluences.com\/blog\/#website"},"datePublished":"2025-08-05T09:45:10+00:00","dateModified":"2026-09-02T12:42:31+00:00","breadcrumb":{"@id":"https:\/\/affluences.com\/blog\/les-journees-europeennes-du-patrimoine-2026-avec-la-sncf\/#breadcrumb"},"inLanguage":"fr-FR"},{"@type":"WebSite","@id":"https:\/\/affluences.com\/blog\/#website","url":"https:\/\/affluences.com\/blog\/","name":"Le blog d Affluences","description":"Tous nos conseils et astuces","publisher":{"@id":"https:\/\/affluences.com\/blog\/#organization"},"potentialAction":[{"@type":"SearchAction","target":{"@type":"EntryPoint","urlTemplate":"https:\/\/affluences.com\/blog\/?s={search_term_string}"},"query-input":{"@type":"PropertyValueSpecification","valueRequired":true,"valueName":"search_term_string"}}],"inLanguage":"fr-FR"},{"@type":"Organization","@id":"https:\/\/affluences.com\/blog\/#organization","name":"Affluences","url":"https:\/\/affluences.com\/blog\/","logo":{"@type":"ImageObject","inLanguage":"fr-FR","@id":"https:\/\/affluences.com\/blog\/#\/schema\/logo\/image\/","url":"https:\/\/blog.affluences.com\/wp-content\/uploads\/2017\/08\/logo_affluences-e1531737183907.png","contentUrl":"https:\/\/blog.affluences.com\/wp-content\/uploads\/2017\/08\/logo_affluences-e1531737183907.png","width":512,"height":512,"caption":"Affluences"},"image":{"@id":"https:\/\/affluences.com\/blog\/#\/schema\/logo\/image\/"},"sameAs":["https:\/\/www.facebook.com\/Affluencesapp","https:\/\/x.com\/Affluences_App","https:\/\/www.instagram.com\/affluences_app\/?hl=fr","https:\/\/www.linkedin.com\/company\/affluences-app\/","https:\/\/www.youtube.com\/channel\/UCwPTgo4QaCais3IytxOjh0w","https:\/\/fr.wikipedia.org\/wiki\/Affluences"]}]}},"_links":{"self":[{"href":"https:\/\/affluences.com\/blog\/wp-json\/wp\/v2\/posts\/1079","targetHints":{"allow":["GET"]}}],"collection":[{"href":"https:\/\/affluences.com\/blog\/wp-json\/wp\/v2\/posts"}],"about":[{"href":"https:\/\/affluences.com\/blog\/wp-json\/wp\/v2\/types\/post"}],"author":[{"embeddable":true,"href":"https:\/\/affluences.com\/blog\/wp-json\/wp\/v2\/users\/7"}],"replies":[{"embeddable":true,"href":"https:\/\/affluences.com\/blog\/wp-json\/wp\/v2\/comments?post=1079"}],"version-history":[{"count":6,"href":"https:\/\/affluences.com\/blog\/wp-json\/wp\/v2\/posts\/1079\/revisions"}],"predecessor-version":[{"id":1174,"href":"https:\/\/affluences.com\/blog\/wp-json\/wp\/v2\/posts\/1079\/revisions\/1174"}],"wp:featuredmedia":[{"embeddable":true,"href":"https:\/\/affluences.com\/blog\/wp-json\/wp\/v2\/media\/1173"}],"wp:attachment":[{"href":"https:\/\/affluences.com\/blog\/wp-json\/wp\/v2\/media?parent=1079"}],"wp:term":[{"taxonomy":"category","embeddable":true,"href":"https:\/\/affluences.com\/blog\/wp-json\/wp\/v2\/categories?post=1079"},{"taxonomy":"post_tag","embeddable":true,"href":"https:\/\/affluences.com\/blog\/wp-json\/wp\/v2\/tags?post=1079"}],"curies":[{"name":"wp","href":"https:\/\/api.w.org\/{rel}","templated":true}]}}